{"id":4736,"date":"2024-09-27T17:23:46","date_gmt":"2024-09-27T17:23:46","guid":{"rendered":"https:\/\/complexosociallousada.pt\/?p=4736"},"modified":"2024-09-27T17:25:28","modified_gmt":"2024-09-27T17:25:28","slug":"dadiva-de-sangue-3","status":"publish","type":"post","link":"https:\/\/complexosociallousada.pt\/?p=4736","title":{"rendered":"D\u00c1DIVA DE SANGUE"},"content":{"rendered":"\n<figure class=\"wp-block-image size-large\"><img loading=\"lazy\" decoding=\"async\" width=\"1024\" height=\"512\" data-src=\"https:\/\/complexosociallousada.pt\/wp-content\/uploads\/2024\/09\/Campanha-doacao-de-sangue-vermelho-e-branco-padrao-banner-1024x512.png\" alt=\"\" class=\"wp-image-4738 lazyload\" data-srcset=\"https:\/\/complexosociallousada.pt\/wp-content\/uploads\/2024\/09\/Campanha-doacao-de-sangue-vermelho-e-branco-padrao-banner-1024x512.png 1024w, https:\/\/complexosociallousada.pt\/wp-content\/uploads\/2024\/09\/Campanha-doacao-de-sangue-vermelho-e-branco-padrao-banner-300x150.png 300w, https:\/\/complexosociallousada.pt\/wp-content\/uploads\/2024\/09\/Campanha-doacao-de-sangue-vermelho-e-branco-padrao-banner-768x384.png 768w, https:\/\/complexosociallousada.pt\/wp-content\/uploads\/2024\/09\/Campanha-doacao-de-sangue-vermelho-e-branco-padrao-banner-1536x768.png 1536w, https:\/\/complexosociallousada.pt\/wp-content\/uploads\/2024\/09\/Campanha-doacao-de-sangue-vermelho-e-branco-padrao-banner-2048x1024.png 2048w\" data-sizes=\"auto, (max-width: 1024px) 100vw, 1024px\" src=\"data:image\/gif;base64,R0lGODlhAQABAAAAACH5BAEKAAEALAAAAAABAAEAAAICTAEAOw==\" style=\"--smush-placeholder-width: 1024px; --smush-placeholder-aspect-ratio: 1024\/512;\" \/><noscript><img loading=\"lazy\" decoding=\"async\" width=\"1024\" height=\"512\" src=\"https:\/\/complexosociallousada.pt\/wp-content\/uploads\/2024\/09\/Campanha-doacao-de-sangue-vermelho-e-branco-padrao-banner-1024x512.png\" alt=\"\" class=\"wp-image-4738\" srcset=\"https:\/\/complexosociallousada.pt\/wp-content\/uploads\/2024\/09\/Campanha-doacao-de-sangue-vermelho-e-branco-padrao-banner-1024x512.png 1024w, https:\/\/complexosociallousada.pt\/wp-content\/uploads\/2024\/09\/Campanha-doacao-de-sangue-vermelho-e-branco-padrao-banner-300x150.png 300w, https:\/\/complexosociallousada.pt\/wp-content\/uploads\/2024\/09\/Campanha-doacao-de-sangue-vermelho-e-branco-padrao-banner-768x384.png 768w, https:\/\/complexosociallousada.pt\/wp-content\/uploads\/2024\/09\/Campanha-doacao-de-sangue-vermelho-e-branco-padrao-banner-1536x768.png 1536w, https:\/\/complexosociallousada.pt\/wp-content\/uploads\/2024\/09\/Campanha-doacao-de-sangue-vermelho-e-branco-padrao-banner-2048x1024.png 2048w\" sizes=\"auto, (max-width: 1024px) 100vw, 1024px\" \/><\/noscript><\/figure>\n\n\n\n<p class=\"has-small-font-size\" style=\"font-style:normal;font-weight:200\">O COMPLEXO SOCIAL DE LOUSADA informa que ir\u00e1 decorrer no pr\u00f3ximo dia 27 de setembro, sexta-feira das 15h00 \u00e0s 19h00, ir\u00e1 decorrer uma recolha de sangue nas nossas instala\u00e7\u00f5es em parceria com o Instituto Portugu\u00eas do Sangue e Transplanta\u00e7\u00e3o.<br><br><strong>CONTAMOS COM A AJUDA!<\/strong><\/p>\n\n\n\n<p><\/p>\n","protected":false},"excerpt":{"rendered":"<p>O COMPLEXO SOCIAL DE LOUSADA informa que ir\u00e1 decorrer no pr\u00f3ximo dia 27 de setembro, sexta-feira das 15h00 \u00e0s 19h00, ir\u00e1 decorrer uma recolha de sangue nas nossas instala\u00e7\u00f5es em parceria com o Instituto Portugu\u00eas do Sangue e Transplanta\u00e7\u00e3o. CONTAMOS COM A AJUDA!<\/p>\n","protected":false},"author":2,"featured_media":4738,"comment_status":"open","ping_status":"open","sticky":false,"template":"","format":"standard","meta":{"neve_meta_sidebar":"","neve_meta_container":"","neve_meta_enable_content_width":"","neve_meta_content_width":0,"neve_meta_title_alignment":"","neve_meta_author_avatar":"","neve_post_elements_order":"[\"title\",\"content\",\"comments\",\"post-navigation\"]","neve_meta_disable_header":"","neve_meta_disable_footer":"","neve_meta_disable_title":"","_ti_tpc_template_sync":false,"_ti_tpc_template_id":"","footnotes":""},"categories":[1],"tags":[],"class_list":["post-4736","post","type-post","status-publish","format-standard","has-post-thumbnail","hentry","category-sem-categoria"],"_links":{"self":[{"href":"https:\/\/complexosociallousada.pt\/index.php?rest_route=\/wp\/v2\/posts\/4736","targetHints":{"allow":["GET"]}}],"collection":[{"href":"https:\/\/complexosociallousada.pt\/index.php?rest_route=\/wp\/v2\/posts"}],"about":[{"href":"https:\/\/complexosociallousada.pt\/index.php?rest_route=\/wp\/v2\/types\/post"}],"author":[{"embeddable":true,"href":"https:\/\/complexosociallousada.pt\/index.php?rest_route=\/wp\/v2\/users\/2"}],"replies":[{"embeddable":true,"href":"https:\/\/complexosociallousada.pt\/index.php?rest_route=%2Fwp%2Fv2%2Fcomments&post=4736"}],"version-history":[{"count":5,"href":"https:\/\/complexosociallousada.pt\/index.php?rest_route=\/wp\/v2\/posts\/4736\/revisions"}],"predecessor-version":[{"id":5575,"href":"https:\/\/complexosociallousada.pt\/index.php?rest_route=\/wp\/v2\/posts\/4736\/revisions\/5575"}],"wp:featuredmedia":[{"embeddable":true,"href":"https:\/\/complexosociallousada.pt\/index.php?rest_route=\/wp\/v2\/media\/4738"}],"wp:attachment":[{"href":"https:\/\/complexosociallousada.pt\/index.php?rest_route=%2Fwp%2Fv2%2Fmedia&parent=4736"}],"wp:term":[{"taxonomy":"category","embeddable":true,"href":"https:\/\/complexosociallousada.pt\/index.php?rest_route=%2Fwp%2Fv2%2Fcategories&post=4736"},{"taxonomy":"post_tag","embeddable":true,"href":"https:\/\/complexosociallousada.pt\/index.php?rest_route=%2Fwp%2Fv2%2Ftags&post=4736"}],"curies":[{"name":"wp","href":"https:\/\/api.w.org\/{rel}","templated":true}]}}